{"id":21333,"date":"2026-04-30T09:34:00","date_gmt":"2026-04-30T09:34:00","guid":{"rendered":"https:\/\/www.repeople.co\/?p=21333"},"modified":"2026-04-30T09:39:00","modified_gmt":"2026-04-30T09:39:00","slug":"coste-de-vida-gran-canaria-nomada-digital-2026","status":"publish","type":"post","link":"https:\/\/www.repeople.co\/es\/blog\/teletrabajo\/coste-de-vida-gran-canaria-nomada-digital-2026\/","title":{"rendered":"Coste de vida en Gran Canaria: Gu\u00eda completa para n\u00f3madas digitales 2026"},"content":{"rendered":"<p><strong>Resumen:<\/strong> Un estilo de vida c\u00f3modo como n\u00f3mada digital en Gran Canaria cuesta entre \u20ac1.200 y \u20ac2.000 al mes. Los paquetes de coliving todo incluido (habitaci\u00f3n + coworking + suministros) comienzan desde ~\u20ac900\/mes.<\/p>\n<p>Para cualquiera que pague alquiler en Londres, Berl\u00edn o \u00c1msterdam, la diferencia es dif\u00edcil de ignorar.<\/p>\n<p>Cuando alguien pregunta \u201c\u00bfes asequible Gran Canaria?\u201d, la respuesta honesta es: depende con qu\u00e9 lo compares. En comparaci\u00f3n con el sudeste asi\u00e1tico, no es barata.<\/p>\n<p>Pero para n\u00f3madas europeos que ya gastan \u20ac1.500\u2013\u20ac2.500 al mes solo en alquiler en su ciudad, Gran Canaria ofrece un ahorro real manteni\u00e9ndote en tu zona horaria, en la UE, y a menos de 4 horas de vuelo de casa.<\/p>\n<h2>Alojamiento<\/h2>\n<h3>Opci\u00f3n 1: Coliving (Recomendado para reci\u00e9n llegados)<\/h3>\n<p>El coliving es la forma m\u00e1s r\u00e1pida de instalarte en Gran Canaria sin la fricci\u00f3n de buscar piso desde el extranjero. Obtienes habitaci\u00f3n, coworking, suministros, WiFi y comunidad, todo incluido.<\/p>\n<figure class=\"wp-block-image size-large\"><img fetchpriority=\"high\" decoding=\"async\" class=\"alignnone wp-image-18039\" title=\"Habitaciones de coliving asequibles en Casa Jard\u00edn Gran Canaria\" src=\"https:\/\/www.repeople.co\/wp-content\/uploads\/2024\/12\/Habitaciones-en-Casa-Jardin-Coliving-Gran-Canaria.webp\" alt=\"Habitaciones de coliving asequibles en Casa Jard\u00edn Gran Canaria\" width=\"1200\" height=\"900\" srcset=\"https:\/\/www.repeople.co\/wp-content\/uploads\/2024\/12\/Habitaciones-en-Casa-Jardin-Coliving-Gran-Canaria.webp 1200w, https:\/\/www.repeople.co\/wp-content\/uploads\/2024\/12\/Habitaciones-en-Casa-Jardin-Coliving-Gran-Canaria-300x225.webp 300w, https:\/\/www.repeople.co\/wp-content\/uploads\/2024\/12\/Habitaciones-en-Casa-Jardin-Coliving-Gran-Canaria-1024x768.webp 1024w, https:\/\/www.repeople.co\/wp-content\/uploads\/2024\/12\/Habitaciones-en-Casa-Jardin-Coliving-Gran-Canaria-768x576.webp 768w\" sizes=\"(max-width: 1200px) 100vw, 1200px\" \/>\n<figcaption>Habitaciones confortables en Casa Jard\u00edn coliving \u2014 desde 650\u20ac\/mes todo incluido<\/figcaption>\n<\/figure>\n<p><strong>El Cabo de Repeople<\/strong> es la opci\u00f3n de referencia. El precio todo incluido para una habitaci\u00f3n privada con acceso a coworking oscila entre <strong>\u20ac900 y \u20ac1.500\/mes<\/strong>.<\/p>\n<blockquote>\n<p><a href=\"https:\/\/www.repeople.co\/es\/coliving\/el-cabo-coliving-agaete\/\">Descubre El Cabo coliving y la disponibilidad actual \u2192<\/a><\/p>\n<\/blockquote>\n<h3>Opci\u00f3n 2: Alquiler de larga estancia<\/h3>\n<table>\n<thead>\n<tr>\n<th>Tipo de piso<\/th>\n<th>Zona<\/th>\n<th>Alquiler mensual<\/th>\n<\/tr>\n<\/thead>\n<tbody>\n<tr>\n<td>Estudio \/ 1 hab. (amueblado)<\/td>\n<td>Centro \/ Triana<\/td>\n<td>\u20ac700\u2013\u20ac1.100<\/td>\n<\/tr>\n<tr>\n<td>1 hab. (amueblado)<\/td>\n<td>Cerca de Las Canteras<\/td>\n<td>\u20ac850\u2013\u20ac1.200<\/td>\n<\/tr>\n<tr>\n<td>2 hab. (amueblado)<\/td>\n<td>Residencial LP<\/td>\n<td>\u20ac1.000\u2013\u20ac1.500<\/td>\n<\/tr>\n<tr>\n<td>Hab. en piso compartido<\/td>\n<td>Centro<\/td>\n<td>\u20ac400\u2013\u20ac600<\/td>\n<\/tr>\n<\/tbody>\n<\/table>\n<h2>Comida y bebida<\/h2>\n<table>\n<thead>\n<tr>\n<th>Tipo<\/th>\n<th>Precio<\/th>\n<\/tr>\n<\/thead>\n<tbody>\n<tr>\n<td>Men\u00fa del d\u00eda (3 platos + bebida)<\/td>\n<td>\u20ac13\u2013\u20ac15<\/td>\n<\/tr>\n<tr>\n<td>Cena en restaurante normal<\/td>\n<td>\u20ac15\u2013\u20ac25\/persona<\/td>\n<\/tr>\n<tr>\n<td>Caf\u00e9 con leche<\/td>\n<td>\u20ac1,20\u2013\u20ac1,80<\/td>\n<\/tr>\n<tr>\n<td>Ca\u00f1a (Tropical o Dorada)<\/td>\n<td>\u20ac1,50\u2013\u20ac2,50<\/td>\n<\/tr>\n<tr>\n<td>Compra semanal (1 persona, cocinando 50%)<\/td>\n<td>\u20ac45\u2013\u20ac70<\/td>\n<\/tr>\n<\/tbody>\n<\/table>\n<p>El men\u00fa del d\u00eda es el mejor aliado del n\u00f3mada. La mayor\u00eda de restaurantes de Las Palmas ofrecen uno por \u20ac13\u2013\u20ac15.<\/p>\n<h2>Coworking<\/h2>\n<table>\n<thead>\n<tr>\n<th>Opci\u00f3n<\/th>\n<th>Precio mensual<\/th>\n<\/tr>\n<\/thead>\n<tbody>\n<tr>\n<td>Repeople \/ Work in Cholas (puesto fijo)<\/td>\n<td>\u20ac100\u2013\u20ac250\/mes<\/td>\n<\/tr>\n<tr>\n<td>Bono 5 d\u00edas\/mes<\/td>\n<td>\u20ac50\u2013\u20ac80<\/td>\n<\/tr>\n<tr>\n<td>D\u00eda suelto<\/td>\n<td>\u20ac12\u2013\u20ac20\/d\u00eda<\/td>\n<\/tr>\n<\/tbody>\n<\/table>\n<h2>Resumen mensual: tres perfiles<\/h2>\n<h3>N\u00f3mada ajustado (\u20ac1.200\u2013\u20ac1.500\/mes)<\/h3>\n<ul>\n<li>Habitaci\u00f3n en coliving o piso compartido: \u20ac400\u2013\u20ac600<\/li>\n<li>Comida + transporte + actividades: \u20ac500\u2013\u20ac700<\/li>\n<\/ul>\n<h3>N\u00f3mada medio (\u20ac1.600\u2013\u20ac2.200\/mes)<\/h3>\n<ul>\n<li>Habitaci\u00f3n privada en coliving (todo incluido): \u20ac900\u2013\u20ac1.200<\/li>\n<li>Comida + transporte + actividades: \u20ac500\u2013\u20ac700<\/li>\n<\/ul>\n<h3>N\u00f3mada c\u00f3modo (\u20ac2.200\u2013\u20ac3.000\/mes)<\/h3>\n<ul>\n<li>Piso propio de 1 hab.: \u20ac900\u2013\u20ac1.300<\/li>\n<li>Coworking + comida + actividades: \u20ac900\u2013\u20ac1.400<\/li>\n<\/ul>\n<h2>Comparativa con otras ciudades<\/h2>\n<table>\n<thead>\n<tr>\n<th>Ciudad<\/th>\n<th>Coste mensual estimado (perfil medio)<\/th>\n<\/tr>\n<\/thead>\n<tbody>\n<tr>\n<td>Londres<\/td>\n<td>\u20ac3.500\u2013\u20ac5.000<\/td>\n<\/tr>\n<tr>\n<td>Berl\u00edn<\/td>\n<td>\u20ac2.500\u2013\u20ac3.500<\/td>\n<\/tr>\n<tr>\n<td>Lisboa<\/td>\n<td>\u20ac2.000\u2013\u20ac3.000<\/td>\n<\/tr>\n<tr>\n<td><strong>Las Palmas, Gran Canaria<\/strong><\/td>\n<td><strong>\u20ac1.500\u2013\u20ac2.200<\/strong><\/td>\n<\/tr>\n<tr>\n<td>Bali<\/td>\n<td>\u20ac1.000\u2013\u20ac1.800<\/td>\n<\/tr>\n<\/tbody>\n<\/table>\n<figure class=\"wp-block-image size-large\"><img decoding=\"async\" class=\"alignnone wp-image-18110\" title=\"Almuerzo comunitario en la terraza de Casa Jard\u00edn coliving Gran Canaria\" src=\"https:\/\/www.repeople.co\/wp-content\/uploads\/2024\/12\/almuerzo-en-terraza-Casa-Jardin-Coliving.webp\" alt=\"Almuerzo comunitario en la terraza de Casa Jard\u00edn coliving Gran Canaria\" width=\"1200\" height=\"900\" srcset=\"https:\/\/www.repeople.co\/wp-content\/uploads\/2024\/12\/almuerzo-en-terraza-Casa-Jardin-Coliving.webp 1200w, https:\/\/www.repeople.co\/wp-content\/uploads\/2024\/12\/almuerzo-en-terraza-Casa-Jardin-Coliving-300x225.webp 300w, https:\/\/www.repeople.co\/wp-content\/uploads\/2024\/12\/almuerzo-en-terraza-Casa-Jardin-Coliving-1024x768.webp 1024w, https:\/\/www.repeople.co\/wp-content\/uploads\/2024\/12\/almuerzo-en-terraza-Casa-Jardin-Coliving-768x576.webp 768w\" sizes=\"(max-width: 1200px) 100vw, 1200px\" \/>\n<figcaption>Almuerzos comunitarios, convivencia y sol \u2014 el estilo de vida en Gran Canaria<\/figcaption>\n<\/figure>\n<h2>Preguntas frecuentes<\/h2>\n<p><strong>\u00bfCu\u00e1nto dinero necesito para vivir c\u00f3modamente en Gran Canaria?<\/strong><br \/>Entre \u20ac1.600 y \u20ac2.200 al mes para alojamiento privado, salir a comer habitualmente, actividades y coworking.<\/p>\n<figure class=\"wp-block-image size-large\"><img decoding=\"async\" class=\"alignnone wp-image-17715\" title=\"Espacio de coworking en Las Palmas para n\u00f3madas digitales\" src=\"https:\/\/www.repeople.co\/wp-content\/uploads\/2024\/12\/Coworking-space.webp\" alt=\"Espacio de coworking en Las Palmas para n\u00f3madas digitales\" width=\"740\" height=\"515\" srcset=\"https:\/\/www.repeople.co\/wp-content\/uploads\/2024\/12\/Coworking-space.webp 740w, https:\/\/www.repeople.co\/wp-content\/uploads\/2024\/12\/Coworking-space-300x209.webp 300w\" sizes=\"(max-width: 740px) 100vw, 740px\" \/>\n<figcaption>Espacios de coworking modernos en Las Palmas \u2014 incluidos en la mayor\u00eda de planes de coliving<\/figcaption>\n<\/figure>\n<p><strong>\u00bfEs Gran Canaria m\u00e1s barata que Lisboa?<\/strong><br \/>S\u00ed, en general. El mercado de alquiler de Lisboa se ha encarecido mucho desde 2022. Gran Canaria ofrece una calidad de vida comparable a un precio menor, con mejor clima.<\/p>\n<p><strong>\u00bfMerece la pena el coliving en Gran Canaria?<\/strong><br \/>Para n\u00f3madas que llegan por primera vez o se quedan menos de tres meses, el coliving es el mejor valor \u2014 econ\u00f3micamente y por la comunidad. El Cabo de Repeople es la opci\u00f3n m\u00e1s consolidada de la isla.<\/p>\n<p><em>\u00bfBuscas la base perfecta en Gran Canaria? Repeople opera colivings dise\u00f1ados espec\u00edficamente para trabajadores remotos. <\/em><\/p>\n<p><em><a href=\"https:\/\/www.repeople.co\/es\/coliving\/\">Descubre todos nuestros Colivings \u2192<\/a><\/em><\/p>\n\n\n<div style=\"background:#0D1F4E;border-radius:16px;padding:48px 32px;text-align:center;font-family:sans-serif;max-width:700px;margin:0 auto;\">\n  <h2 style=\"color:#ffffff;font-size:26px;font-weight:700;margin:0 0 12px;\">\u00bfHablamos?<\/h2>\n  <p style=\"color:#b8c8e8;font-size:16px;margin:0 0 28px;line-height:1.6;\">Estaremos encantados de aclarar todas tus dudas.<\/p>\n  <a href=\"https:\/\/www.repeople.co\/es\/contacto\/\" style=\"display:inline-block;background:#F5C842;color:#0D1F4E;font-size:13px;font-weight:700;letter-spacing:1.5px;text-transform:uppercase;padding:14px 36px;border-radius:40px;text-decoration:none;\">Contacta con nosotros<\/a>\n<\/div>\n\n\n\n\n<p><\/p>\n","protected":false},"excerpt":{"rendered":"<p>Datos reales del coste de vida en Gran Canaria para n\u00f3madas digitales 2026. Alquiler, comida, coworking, transporte \u2014 todo lo que necesitas para planificar tu mudanza de trabajo remoto.<\/p>\n","protected":false},"author":37,"featured_media":17325,"comment_status":"closed","ping_status":"closed","sticky":false,"template":"","format":"standard","meta":{"_acf_changed":false,"_yoast_wpseo_title":"Coste de vida en Gran Canaria para n\u00f3madas digitales 2026","_yoast_wpseo_metadesc":"Descubre el coste de vida en Gran Canaria para n\u00f3madas digitales en 2026: alquiler, comida... y gastos reales para n\u00f3madas digitales.","footnotes":""},"categories":[150,149,23,12],"tags":[47,175,91,88,139,126],"class_list":{"0":"post-21333","1":"post","2":"type-post","3":"status-publish","4":"format-standard","5":"has-post-thumbnail","6":"hentry","7":"category-blog","9":"category-remote-work","10":"category-teletrabajo","11":"tag-canary-islands","12":"tag-canary-islands-es","13":"tag-digital-nomads","14":"tag-gran-canaria","15":"tag-gran-canaria-en-2","16":"tag-nomadas-digitales"},"acf":[],"yoast_head":"<!-- This site is optimized with the Yoast SEO plugin v24.8.1 - https:\/\/yoast.com\/wordpress\/plugins\/seo\/ -->\n<title>Coste de vida en Gran Canaria para n\u00f3madas digitales 2026<\/title>\n<meta name=\"description\" content=\"Descubre el coste de vida en Gran Canaria para n\u00f3madas digitales en 2026: alquiler, comida... y gastos reales para n\u00f3madas digitales.\" \/>\n<meta name=\"robots\" content=\"index, follow, max-snippet:-1, max-image-preview:large, max-video-preview:-1\" \/>\n<link rel=\"canonical\" href=\"https:\/\/www.repeople.co\/es\/blog\/teletrabajo\/coste-de-vida-gran-canaria-nomada-digital-2026\/\" \/>\n<meta property=\"og:locale\" content=\"es_ES\" \/>\n<meta property=\"og:type\" content=\"article\" \/>\n<meta property=\"og:title\" content=\"Coste de vida en Gran Canaria para n\u00f3madas digitales 2026\" \/>\n<meta property=\"og:description\" content=\"Descubre el coste de vida en Gran Canaria para n\u00f3madas digitales en 2026: alquiler, comida... y gastos reales para n\u00f3madas digitales.\" \/>\n<meta property=\"og:url\" content=\"https:\/\/www.repeople.co\/es\/blog\/teletrabajo\/coste-de-vida-gran-canaria-nomada-digital-2026\/\" \/>\n<meta property=\"og:site_name\" content=\"repeople\" \/>\n<meta property=\"article:publisher\" content=\"https:\/\/www.facebook.com\/rePeople.co\/\" \/>\n<meta property=\"article:published_time\" content=\"2026-04-30T09:34:00+00:00\" \/>\n<meta property=\"article:modified_time\" content=\"2026-04-30T09:39:00+00:00\" \/>\n<meta property=\"og:image\" content=\"https:\/\/www.repeople.co\/wp-content\/uploads\/2024\/11\/Gran-Canaria-nomad-city.webp\" \/>\n\t<meta property=\"og:image:width\" content=\"740\" \/>\n\t<meta property=\"og:image:height\" content=\"515\" \/>\n\t<meta property=\"og:image:type\" content=\"image\/webp\" \/>\n<meta name=\"author\" content=\"Sa\u00fal Noda\" \/>\n<meta name=\"twitter:card\" content=\"summary_large_image\" \/>\n<meta name=\"twitter:creator\" content=\"@repeopleco\" \/>\n<meta name=\"twitter:site\" content=\"@repeopleco\" \/>\n<meta name=\"twitter:label1\" content=\"Escrito por\" \/>\n\t<meta name=\"twitter:data1\" content=\"Sa\u00fal Noda\" \/>\n\t<meta name=\"twitter:label2\" content=\"Tiempo de lectura\" \/>\n\t<meta name=\"twitter:data2\" content=\"3 minutos\" \/>\n<script type=\"application\/ld+json\" class=\"yoast-schema-graph\">{\"@context\":\"https:\/\/schema.org\",\"@graph\":[{\"@type\":\"Article\",\"@id\":\"https:\/\/www.repeople.co\/es\/blog\/teletrabajo\/coste-de-vida-gran-canaria-nomada-digital-2026\/#article\",\"isPartOf\":{\"@id\":\"https:\/\/www.repeople.co\/es\/blog\/teletrabajo\/coste-de-vida-gran-canaria-nomada-digital-2026\/\"},\"author\":{\"name\":\"Sa\u00fal Noda\",\"@id\":\"https:\/\/www.repeople.co\/es\/en\/#\/schema\/person\/bb7f682db5c82dd3154cf42d0b5d9454\"},\"headline\":\"Coste de vida en Gran Canaria: Gu\u00eda completa para n\u00f3madas digitales 2026\",\"datePublished\":\"2026-04-30T09:34:00+00:00\",\"dateModified\":\"2026-04-30T09:39:00+00:00\",\"mainEntityOfPage\":{\"@id\":\"https:\/\/www.repeople.co\/es\/blog\/teletrabajo\/coste-de-vida-gran-canaria-nomada-digital-2026\/\"},\"wordCount\":559,\"publisher\":{\"@id\":\"https:\/\/www.repeople.co\/es\/en\/#organization\"},\"image\":{\"@id\":\"https:\/\/www.repeople.co\/es\/blog\/teletrabajo\/coste-de-vida-gran-canaria-nomada-digital-2026\/#primaryimage\"},\"thumbnailUrl\":\"https:\/\/www.repeople.co\/wp-content\/uploads\/2024\/11\/Gran-Canaria-nomad-city.webp\",\"keywords\":[\"Canary Islands\",\"Canary Islands\",\"digital nomads\",\"Gran Canaria\",\"Gran Canaria\",\"N\u00f3madas digitales\"],\"articleSection\":[\"Blog\",\"Blog\",\"Remote Work\",\"Teletrabajo\"],\"inLanguage\":\"es\"},{\"@type\":\"WebPage\",\"@id\":\"https:\/\/www.repeople.co\/es\/blog\/teletrabajo\/coste-de-vida-gran-canaria-nomada-digital-2026\/\",\"url\":\"https:\/\/www.repeople.co\/es\/blog\/teletrabajo\/coste-de-vida-gran-canaria-nomada-digital-2026\/\",\"name\":\"Coste de vida en Gran Canaria para n\u00f3madas digitales 2026\",\"isPartOf\":{\"@id\":\"https:\/\/www.repeople.co\/es\/en\/#website\"},\"primaryImageOfPage\":{\"@id\":\"https:\/\/www.repeople.co\/es\/blog\/teletrabajo\/coste-de-vida-gran-canaria-nomada-digital-2026\/#primaryimage\"},\"image\":{\"@id\":\"https:\/\/www.repeople.co\/es\/blog\/teletrabajo\/coste-de-vida-gran-canaria-nomada-digital-2026\/#primaryimage\"},\"thumbnailUrl\":\"https:\/\/www.repeople.co\/wp-content\/uploads\/2024\/11\/Gran-Canaria-nomad-city.webp\",\"datePublished\":\"2026-04-30T09:34:00+00:00\",\"dateModified\":\"2026-04-30T09:39:00+00:00\",\"description\":\"Descubre el coste de vida en Gran Canaria para n\u00f3madas digitales en 2026: alquiler, comida... y gastos reales para n\u00f3madas digitales.\",\"breadcrumb\":{\"@id\":\"https:\/\/www.repeople.co\/es\/blog\/teletrabajo\/coste-de-vida-gran-canaria-nomada-digital-2026\/#breadcrumb\"},\"inLanguage\":\"es\",\"potentialAction\":[{\"@type\":\"ReadAction\",\"target\":[\"https:\/\/www.repeople.co\/es\/blog\/teletrabajo\/coste-de-vida-gran-canaria-nomada-digital-2026\/\"]}]},{\"@type\":\"ImageObject\",\"inLanguage\":\"es\",\"@id\":\"https:\/\/www.repeople.co\/es\/blog\/teletrabajo\/coste-de-vida-gran-canaria-nomada-digital-2026\/#primaryimage\",\"url\":\"https:\/\/www.repeople.co\/wp-content\/uploads\/2024\/11\/Gran-Canaria-nomad-city.webp\",\"contentUrl\":\"https:\/\/www.repeople.co\/wp-content\/uploads\/2024\/11\/Gran-Canaria-nomad-city.webp\",\"width\":740,\"height\":515,\"caption\":\"Gran Canaria nomad city\"},{\"@type\":\"BreadcrumbList\",\"@id\":\"https:\/\/www.repeople.co\/es\/blog\/teletrabajo\/coste-de-vida-gran-canaria-nomada-digital-2026\/#breadcrumb\",\"itemListElement\":[{\"@type\":\"ListItem\",\"position\":1,\"name\":\"Portada\",\"item\":\"https:\/\/www.repeople.co\/es\/\"},{\"@type\":\"ListItem\",\"position\":2,\"name\":\"Coste de vida en Gran Canaria: Gu\u00eda completa para n\u00f3madas digitales 2026\"}]},{\"@type\":\"WebSite\",\"@id\":\"https:\/\/www.repeople.co\/es\/en\/#website\",\"url\":\"https:\/\/www.repeople.co\/es\/en\/\",\"name\":\"repeople\",\"description\":\"Dise\u00f1ando ecosistemas para teletrabajadores\",\"publisher\":{\"@id\":\"https:\/\/www.repeople.co\/es\/en\/#organization\"},\"alternateName\":\"repeople\",\"potentialAction\":[{\"@type\":\"SearchAction\",\"target\":{\"@type\":\"EntryPoint\",\"urlTemplate\":\"https:\/\/www.repeople.co\/es\/en\/?s={search_term_string}\"},\"query-input\":{\"@type\":\"PropertyValueSpecification\",\"valueRequired\":true,\"valueName\":\"search_term_string\"}}],\"inLanguage\":\"es\"},{\"@type\":\"Organization\",\"@id\":\"https:\/\/www.repeople.co\/es\/en\/#organization\",\"name\":\"repeople\",\"alternateName\":\"repeople\",\"url\":\"https:\/\/www.repeople.co\/es\/en\/\",\"logo\":{\"@type\":\"ImageObject\",\"inLanguage\":\"es\",\"@id\":\"https:\/\/www.repeople.co\/es\/en\/#\/schema\/logo\/image\/\",\"url\":\"https:\/\/www.repeople.co\/wp-content\/uploads\/2020\/08\/repeople-logo-2.png\",\"contentUrl\":\"https:\/\/www.repeople.co\/wp-content\/uploads\/2020\/08\/repeople-logo-2.png\",\"width\":762,\"height\":220,\"caption\":\"repeople\"},\"image\":{\"@id\":\"https:\/\/www.repeople.co\/es\/en\/#\/schema\/logo\/image\/\"},\"sameAs\":[\"https:\/\/www.facebook.com\/rePeople.co\/\",\"https:\/\/x.com\/repeopleco\",\"https:\/\/www.instagram.com\/repeopleco\/\",\"https:\/\/www.linkedin.com\/company\/repeopleco\"]},{\"@type\":\"Person\",\"@id\":\"https:\/\/www.repeople.co\/es\/en\/#\/schema\/person\/bb7f682db5c82dd3154cf42d0b5d9454\",\"name\":\"Sa\u00fal Noda\",\"image\":{\"@type\":\"ImageObject\",\"inLanguage\":\"es\",\"@id\":\"https:\/\/www.repeople.co\/es\/en\/#\/schema\/person\/image\/\",\"url\":\"https:\/\/secure.gravatar.com\/avatar\/f710a62278113e4f8435bf4f397ead4a?s=96&d=mm&r=g\",\"contentUrl\":\"https:\/\/secure.gravatar.com\/avatar\/f710a62278113e4f8435bf4f397ead4a?s=96&d=mm&r=g\",\"caption\":\"Sa\u00fal Noda\"},\"url\":\"https:\/\/www.repeople.co\/es\/author\/saulnoda\/\"}]}<\/script>\n<!-- \/ Yoast SEO plugin. -->","yoast_head_json":{"title":"Coste de vida en Gran Canaria para n\u00f3madas digitales 2026","description":"Descubre el coste de vida en Gran Canaria para n\u00f3madas digitales en 2026: alquiler, comida... y gastos reales para n\u00f3madas digitales.","robots":{"index":"index","follow":"follow","max-snippet":"max-snippet:-1","max-image-preview":"max-image-preview:large","max-video-preview":"max-video-preview:-1"},"canonical":"https:\/\/www.repeople.co\/es\/blog\/teletrabajo\/coste-de-vida-gran-canaria-nomada-digital-2026\/","og_locale":"es_ES","og_type":"article","og_title":"Coste de vida en Gran Canaria para n\u00f3madas digitales 2026","og_description":"Descubre el coste de vida en Gran Canaria para n\u00f3madas digitales en 2026: alquiler, comida... y gastos reales para n\u00f3madas digitales.","og_url":"https:\/\/www.repeople.co\/es\/blog\/teletrabajo\/coste-de-vida-gran-canaria-nomada-digital-2026\/","og_site_name":"repeople","article_publisher":"https:\/\/www.facebook.com\/rePeople.co\/","article_published_time":"2026-04-30T09:34:00+00:00","article_modified_time":"2026-04-30T09:39:00+00:00","og_image":[{"width":740,"height":515,"url":"https:\/\/www.repeople.co\/wp-content\/uploads\/2024\/11\/Gran-Canaria-nomad-city.webp","type":"image\/webp"}],"author":"Sa\u00fal Noda","twitter_card":"summary_large_image","twitter_creator":"@repeopleco","twitter_site":"@repeopleco","twitter_misc":{"Escrito por":"Sa\u00fal Noda","Tiempo de lectura":"3 minutos"},"schema":{"@context":"https:\/\/schema.org","@graph":[{"@type":"Article","@id":"https:\/\/www.repeople.co\/es\/blog\/teletrabajo\/coste-de-vida-gran-canaria-nomada-digital-2026\/#article","isPartOf":{"@id":"https:\/\/www.repeople.co\/es\/blog\/teletrabajo\/coste-de-vida-gran-canaria-nomada-digital-2026\/"},"author":{"name":"Sa\u00fal Noda","@id":"https:\/\/www.repeople.co\/es\/en\/#\/schema\/person\/bb7f682db5c82dd3154cf42d0b5d9454"},"headline":"Coste de vida en Gran Canaria: Gu\u00eda completa para n\u00f3madas digitales 2026","datePublished":"2026-04-30T09:34:00+00:00","dateModified":"2026-04-30T09:39:00+00:00","mainEntityOfPage":{"@id":"https:\/\/www.repeople.co\/es\/blog\/teletrabajo\/coste-de-vida-gran-canaria-nomada-digital-2026\/"},"wordCount":559,"publisher":{"@id":"https:\/\/www.repeople.co\/es\/en\/#organization"},"image":{"@id":"https:\/\/www.repeople.co\/es\/blog\/teletrabajo\/coste-de-vida-gran-canaria-nomada-digital-2026\/#primaryimage"},"thumbnailUrl":"https:\/\/www.repeople.co\/wp-content\/uploads\/2024\/11\/Gran-Canaria-nomad-city.webp","keywords":["Canary Islands","Canary Islands","digital nomads","Gran Canaria","Gran Canaria","N\u00f3madas digitales"],"articleSection":["Blog","Blog","Remote Work","Teletrabajo"],"inLanguage":"es"},{"@type":"WebPage","@id":"https:\/\/www.repeople.co\/es\/blog\/teletrabajo\/coste-de-vida-gran-canaria-nomada-digital-2026\/","url":"https:\/\/www.repeople.co\/es\/blog\/teletrabajo\/coste-de-vida-gran-canaria-nomada-digital-2026\/","name":"Coste de vida en Gran Canaria para n\u00f3madas digitales 2026","isPartOf":{"@id":"https:\/\/www.repeople.co\/es\/en\/#website"},"primaryImageOfPage":{"@id":"https:\/\/www.repeople.co\/es\/blog\/teletrabajo\/coste-de-vida-gran-canaria-nomada-digital-2026\/#primaryimage"},"image":{"@id":"https:\/\/www.repeople.co\/es\/blog\/teletrabajo\/coste-de-vida-gran-canaria-nomada-digital-2026\/#primaryimage"},"thumbnailUrl":"https:\/\/www.repeople.co\/wp-content\/uploads\/2024\/11\/Gran-Canaria-nomad-city.webp","datePublished":"2026-04-30T09:34:00+00:00","dateModified":"2026-04-30T09:39:00+00:00","description":"Descubre el coste de vida en Gran Canaria para n\u00f3madas digitales en 2026: alquiler, comida... y gastos reales para n\u00f3madas digitales.","breadcrumb":{"@id":"https:\/\/www.repeople.co\/es\/blog\/teletrabajo\/coste-de-vida-gran-canaria-nomada-digital-2026\/#breadcrumb"},"inLanguage":"es","potentialAction":[{"@type":"ReadAction","target":["https:\/\/www.repeople.co\/es\/blog\/teletrabajo\/coste-de-vida-gran-canaria-nomada-digital-2026\/"]}]},{"@type":"ImageObject","inLanguage":"es","@id":"https:\/\/www.repeople.co\/es\/blog\/teletrabajo\/coste-de-vida-gran-canaria-nomada-digital-2026\/#primaryimage","url":"https:\/\/www.repeople.co\/wp-content\/uploads\/2024\/11\/Gran-Canaria-nomad-city.webp","contentUrl":"https:\/\/www.repeople.co\/wp-content\/uploads\/2024\/11\/Gran-Canaria-nomad-city.webp","width":740,"height":515,"caption":"Gran Canaria nomad city"},{"@type":"BreadcrumbList","@id":"https:\/\/www.repeople.co\/es\/blog\/teletrabajo\/coste-de-vida-gran-canaria-nomada-digital-2026\/#breadcrumb","itemListElement":[{"@type":"ListItem","position":1,"name":"Portada","item":"https:\/\/www.repeople.co\/es\/"},{"@type":"ListItem","position":2,"name":"Coste de vida en Gran Canaria: Gu\u00eda completa para n\u00f3madas digitales 2026"}]},{"@type":"WebSite","@id":"https:\/\/www.repeople.co\/es\/en\/#website","url":"https:\/\/www.repeople.co\/es\/en\/","name":"repeople","description":"Dise\u00f1ando ecosistemas para teletrabajadores","publisher":{"@id":"https:\/\/www.repeople.co\/es\/en\/#organization"},"alternateName":"repeople","potentialAction":[{"@type":"SearchAction","target":{"@type":"EntryPoint","urlTemplate":"https:\/\/www.repeople.co\/es\/en\/?s={search_term_string}"},"query-input":{"@type":"PropertyValueSpecification","valueRequired":true,"valueName":"search_term_string"}}],"inLanguage":"es"},{"@type":"Organization","@id":"https:\/\/www.repeople.co\/es\/en\/#organization","name":"repeople","alternateName":"repeople","url":"https:\/\/www.repeople.co\/es\/en\/","logo":{"@type":"ImageObject","inLanguage":"es","@id":"https:\/\/www.repeople.co\/es\/en\/#\/schema\/logo\/image\/","url":"https:\/\/www.repeople.co\/wp-content\/uploads\/2020\/08\/repeople-logo-2.png","contentUrl":"https:\/\/www.repeople.co\/wp-content\/uploads\/2020\/08\/repeople-logo-2.png","width":762,"height":220,"caption":"repeople"},"image":{"@id":"https:\/\/www.repeople.co\/es\/en\/#\/schema\/logo\/image\/"},"sameAs":["https:\/\/www.facebook.com\/rePeople.co\/","https:\/\/x.com\/repeopleco","https:\/\/www.instagram.com\/repeopleco\/","https:\/\/www.linkedin.com\/company\/repeopleco"]},{"@type":"Person","@id":"https:\/\/www.repeople.co\/es\/en\/#\/schema\/person\/bb7f682db5c82dd3154cf42d0b5d9454","name":"Sa\u00fal Noda","image":{"@type":"ImageObject","inLanguage":"es","@id":"https:\/\/www.repeople.co\/es\/en\/#\/schema\/person\/image\/","url":"https:\/\/secure.gravatar.com\/avatar\/f710a62278113e4f8435bf4f397ead4a?s=96&d=mm&r=g","contentUrl":"https:\/\/secure.gravatar.com\/avatar\/f710a62278113e4f8435bf4f397ead4a?s=96&d=mm&r=g","caption":"Sa\u00fal Noda"},"url":"https:\/\/www.repeople.co\/es\/author\/saulnoda\/"}]}},"_links":{"self":[{"href":"https:\/\/www.repeople.co\/es\/wp-json\/wp\/v2\/posts\/21333","targetHints":{"allow":["GET"]}}],"collection":[{"href":"https:\/\/www.repeople.co\/es\/wp-json\/wp\/v2\/posts"}],"about":[{"href":"https:\/\/www.repeople.co\/es\/wp-json\/wp\/v2\/types\/post"}],"author":[{"embeddable":true,"href":"https:\/\/www.repeople.co\/es\/wp-json\/wp\/v2\/users\/37"}],"replies":[{"embeddable":true,"href":"https:\/\/www.repeople.co\/es\/wp-json\/wp\/v2\/comments?post=21333"}],"version-history":[{"count":2,"href":"https:\/\/www.repeople.co\/es\/wp-json\/wp\/v2\/posts\/21333\/revisions"}],"predecessor-version":[{"id":22018,"href":"https:\/\/www.repeople.co\/es\/wp-json\/wp\/v2\/posts\/21333\/revisions\/22018"}],"wp:featuredmedia":[{"embeddable":true,"href":"https:\/\/www.repeople.co\/es\/wp-json\/wp\/v2\/media\/17325"}],"wp:attachment":[{"href":"https:\/\/www.repeople.co\/es\/wp-json\/wp\/v2\/media?parent=21333"}],"wp:term":[{"taxonomy":"category","embeddable":true,"href":"https:\/\/www.repeople.co\/es\/wp-json\/wp\/v2\/categories?post=21333"},{"taxonomy":"post_tag","embeddable":true,"href":"https:\/\/www.repeople.co\/es\/wp-json\/wp\/v2\/tags?post=21333"}],"curies":[{"name":"wp","href":"https:\/\/api.w.org\/{rel}","templated":true}]}}