{"id":21857,"date":"2026-04-23T17:17:13","date_gmt":"2026-04-23T17:17:13","guid":{"rendered":"https:\/\/www.repeople.co\/?p=21857"},"modified":"2026-04-27T08:05:00","modified_gmt":"2026-04-27T08:05:00","slug":"rodaje-mi-zona-cristian-beteta-repeople-las-palmas","status":"publish","type":"post","link":"https:\/\/www.repeople.co\/es\/blog\/rodaje-mi-zona-cristian-beteta-repeople-las-palmas\/","title":{"rendered":"Por qu\u00e9 el equipo de &#8216;Mi Zona&#8217; eligi\u00f3 repeople Coliving para rodar en Las Palmas"},"content":{"rendered":"<p>En el mundo del cine independiente espa\u00f1ol, hay nombres que empiezan a sonar con fuerza antes de estrenar su primer largometraje. Cristian Beteta es uno de ellos. Director y guionista especializado en terror y suspense, Beteta lleg\u00f3 a Las Palmas de Gran Canaria con su equipo de producci\u00f3n para rodar parte de <em>Mi Zona<\/em> en los espacios de repeople. Lo que encontraron aqu\u00ed fue m\u00e1s que una localizaci\u00f3n: fue una comunidad creativa dispuesta a dar soporte a un proyecto cinematogr\u00e1fico con mucho futuro.<\/p>\n<h2>Cristian Beteta y el universo de <em>Mi Zona<\/em><\/h2>\n<p>Cristian Beteta se ha ganado su reputaci\u00f3n en el circuito de cortometrajes internacionales con una apuesta clara por el cine de g\u00e9nero. Su cortometraje <em>Mi Zona<\/em> acumula m\u00e1s de 80 selecciones en festivales de todo el mundo, m\u00e1s de 40 premios internacionales, y lleg\u00f3 a la preselecci\u00f3n de los Premios Goya 2025 en la categor\u00eda de mejor cortometraje de ficci\u00f3n. Un hito para cualquier cineasta emergente.<\/p>\n<p>Pero Beteta no se detiene ah\u00ed. Tras el \u00e9xito del corto, ha dado el salto al largometraje: <em>Mi Zona<\/em> en su versi\u00f3n extendida es el pr\u00f3ximo proyecto de ISII Group, una producci\u00f3n que fusiona el terror psicol\u00f3gico con la est\u00e9tica del western y que comenzar\u00e1 a rodarse en 2026. La historia sigue a Paula, una joven que conduce sola por el desierto de madrugada cuando su coche se aver\u00eda en mitad de ning\u00fan sitio. Lo que empieza como una noche de pesadilla se convierte en una tensi\u00f3n sostenida que explora el miedo cotidiano y los v\u00ednculos familiares.<\/p>\n<p>Para documentar el proceso creativo y explorar posibles localizaciones en las Islas Canarias, parte del equipo escogi\u00f3 repeople como base de operaciones en Las Palmas de Gran Canaria.<\/p>\n<figure><img decoding=\"async\" src=\"https:\/\/www.repeople.co\/wp-content\/uploads\/2026\/04\/IMG_0893-scaled.jpg\" alt=\"Rodaje de Mi Zona en repeople, coliving creativo de Las Palmas de Gran Canaria\" \/><figcaption>El equipo de producci\u00f3n de <em>Mi Zona<\/em> durante el rodaje en repeople, Las Palmas de Gran Canaria.<\/figcaption><\/figure>\n<h2>Cuando el set de rodaje es un coliving creativo<\/h2>\n<p>Organizar un rodaje implica resolver cientos de peque\u00f1os problemas a la vez: alojamiento para el equipo, espacios donde trabajar de madrugada, conexi\u00f3n a internet fiable, zonas donde reunirse para revisar rushes y tomar decisiones sobre la marcha. En un hotel convencional, muchos de estos procesos se convierten en fricciones constantes. En un <a title=\"Beneficios del coliving\" href=\"https:\/\/www.repeople.co\/blog\/benefits-of-coliving\/\">coliving creativo<\/a> como repeople, la mayor\u00eda desaparecen.<\/p>\n<p>Los espacios de repeople est\u00e1n pensados precisamente para personas que trabajan de manera no convencional: horarios irregulares, proyectos intensos, necesidad de moverse con fluidez entre el trabajo y el descanso. El coworking integrado, las zonas comunes amplias y luminosas, y la atm\u00f3sfera de comunidad hicieron del coliving el entorno ideal para que el equipo de <em>Mi Zona<\/em> se focalizara en lo que de verdad importaba: el trabajo creativo.<\/p>\n<figure><img decoding=\"async\" src=\"https:\/\/www.repeople.co\/wp-content\/uploads\/2026\/04\/IMG_0917-scaled.jpg\" alt=\"Producci\u00f3n audiovisual Mi Zona en los espacios creativos de repeople Las Palmas Gran Canaria\" \/><figcaption>El equipo aprovech\u00f3 los espacios de repeople para trabajar en las distintas fases del rodaje.<\/figcaption><\/figure>\n<h2>Gran Canaria, escenario y trampol\u00edn audiovisual<\/h2>\n<p>Que un equipo de cine elija <a title=\"Gran Canaria destino trabajo remoto\" href=\"https:\/\/www.repeople.co\/blog\/transformation-remote-work-gran-canaria\/\">Gran Canaria<\/a> como localizaci\u00f3n no es casualidad. La isla lleva a\u00f1os posicion\u00e1ndose como uno de los hubs audiovisuales de mayor crecimiento de Europa, y el marco fiscal que ofrece el R\u00e9gimen Econ\u00f3mico y Fiscal de Canarias (REF) es uno de los m\u00e1s atractivos del continente para las producciones audiovisuales. Las deducciones oscilan entre el 45% y el 50% para producciones nacionales y pueden alcanzar hasta el 54% para producciones extranjeras que superen ciertos umbrales de gasto en las islas.<\/p>\n<p>A esto se suma una infraestructura creciente: la Gran Canaria Film Commission ofrece soporte log\u00edstico gratuito a cualquier producci\u00f3n que quiera rodar en la isla, facilitando desde permisos de rodaje hasta conexiones con proveedores locales de c\u00e1mara, iluminaci\u00f3n y arte. Y m\u00e1s all\u00e1 de lo fiscal y log\u00edstico, hay algo que los cineastas que han rodado aqu\u00ed describen de forma recurrente: una luz atl\u00e1ntica \u00fanica, paisajes que van del desierto al bosque de laurisilva en menos de una hora, y una ciudad \u2014Las Palmas de Gran Canaria\u2014 con una energ\u00eda urbana genuina y poco fotografiada.<\/p>\n<figure><img decoding=\"async\" src=\"https:\/\/www.repeople.co\/wp-content\/uploads\/2026\/04\/IMG_0938.jpg\" alt=\"Coliving para cineastas en repeople Las Palmas Gran Canaria rodaje producci\u00f3n audiovisual\" \/><figcaption>Repeople: comunidad, luz atl\u00e1ntica y espacios \u00fanicos, el entorno ideal para equipos creativos.<\/figcaption><\/figure>\n<h2>Por qu\u00e9 repeople atrae a equipos creativos<\/h2>\n<p>El perfil de quien vive y trabaja en repeople no es uniforme: hay <a title=\"N\u00f3madas digitales en Gran Canaria\" href=\"https:\/\/www.repeople.co\/es\/blog\/la-vida-de-los-nomadas-digitales-en-gran-canaria\/\">dise\u00f1adores, desarrolladores, emprendedores<\/a>, fot\u00f3grafos, escritores y, cada vez m\u00e1s, profesionales del sector audiovisual que encuentran en el coliving una forma de trabajar con m\u00e1s libertad y menos log\u00edstica. Esa diversidad de perfiles no es accidental: es el resultado de una comunidad construida conscientemente alrededor de la idea de que los entornos creativos se nutren del encuentro entre disciplinas distintas.<\/p>\n<p>Para un equipo de rodaje, pasar una semana en repeople significa algo m\u00e1s que resolver el alojamiento. Significa tener acceso a una red de contactos locales, a espacios fotog\u00e9nicos que pueden funcionar como localizaciones secundarias, y a una energ\u00eda colectiva que, en el caso de proyectos creativos de largo recorrido, puede ser dif\u00edcil de encontrar en un hotel de aeropuerto.<\/p>\n<h2>\u00bfTu pr\u00f3xima producci\u00f3n pasa por Las Palmas?<\/h2>\n<p>Si est\u00e1s planificando un rodaje, una residencia creativa o simplemente necesitas una base de operaciones para tu equipo en Gran Canaria, <a title=\"El Cabo coliving Gran Canaria\" href=\"https:\/\/www.repeople.co\/es\/coliving\/el-cabo-coliving-agaete\/\">El Cabo coliving de repeople<\/a> ofrece soluciones pensadas para grupos: desde plazas individuales hasta reservas de equipo completo con acceso al <a title=\"Tipos de espacios de coworking\" href=\"https:\/\/www.repeople.co\/es\/blog\/tipos-de-coworking-en-canarias\/\">coworking integrado<\/a>.<\/p>\n<p>Las Islas Canarias est\u00e1n en el mapa audiovisual europeo, y Las Palmas de Gran Canaria tiene todo lo necesario para ser el cuartel general de tu pr\u00f3xima producci\u00f3n. El equipo de <em>Mi Zona<\/em> ya lo ha comprobado.<\/p>\n<blockquote><p>\u00bfQuieres explorar opciones para tu equipo creativo o producci\u00f3n audiovisual en Gran Canaria? <a title=\"Contactar con repeople para producciones y equipos creativos\" href=\"https:\/\/www.repeople.co\/es\/contacto\/\">Escr\u00edbenos<\/a> y buscamos juntos la soluci\u00f3n que mejor se adapta a vuestro proyecto.<\/p><\/blockquote>\n","protected":false},"excerpt":{"rendered":"<p>El director Cristian Beteta y el equipo de &#8216;Mi Zona&#8217; eligieron repeople como base de operaciones para su rodaje en Las Palmas. Descubre c\u00f3mo un coliving creativo se convierte en el entorno ideal para producciones audiovisuales en Gran Canaria.<\/p>\n","protected":false},"author":37,"featured_media":21848,"comment_status":"closed","ping_status":"closed","sticky":false,"template":"","format":"standard","meta":{"_acf_changed":false,"_yoast_wpseo_title":"Rodaje de Film en Gran Canaria: Mi Zona y repeople Coliving","_yoast_wpseo_metadesc":"El equipo de Cristian Beteta eligi\u00f3 repeople coliving como base en Las Palmas. Descubre c\u00f3mo un coliving creativo apoya las producciones audiovisuales en Gran Canaria.","footnotes":""},"categories":[150],"tags":[175,122,88],"class_list":["post-21857","post","type-post","status-publish","format-standard","has-post-thumbnail","hentry","category-blog","tag-canary-islands-es","tag-coliving","tag-gran-canaria"],"acf":[],"yoast_head":"<!-- This site is optimized with the Yoast SEO plugin v24.8.1 - https:\/\/yoast.com\/wordpress\/plugins\/seo\/ -->\n<title>Rodaje de Film en Gran Canaria: Mi Zona y repeople Coliving<\/title>\n<meta name=\"description\" content=\"El equipo de Cristian Beteta eligi\u00f3 repeople coliving como base en Las Palmas. Descubre c\u00f3mo un coliving creativo apoya las producciones audiovisuales en Gran Canaria.\" \/>\n<meta name=\"robots\" content=\"index, follow, max-snippet:-1, max-image-preview:large, max-video-preview:-1\" \/>\n<link rel=\"canonical\" href=\"https:\/\/www.repeople.co\/es\/blog\/rodaje-mi-zona-cristian-beteta-repeople-las-palmas\/\" \/>\n<meta property=\"og:locale\" content=\"es_ES\" \/>\n<meta property=\"og:type\" content=\"article\" \/>\n<meta property=\"og:title\" content=\"Rodaje de Film en Gran Canaria: Mi Zona y repeople Coliving\" \/>\n<meta property=\"og:description\" content=\"El equipo de Cristian Beteta eligi\u00f3 repeople coliving como base en Las Palmas. Descubre c\u00f3mo un coliving creativo apoya las producciones audiovisuales en Gran Canaria.\" \/>\n<meta property=\"og:url\" content=\"https:\/\/www.repeople.co\/es\/blog\/rodaje-mi-zona-cristian-beteta-repeople-las-palmas\/\" \/>\n<meta property=\"og:site_name\" content=\"repeople\" \/>\n<meta property=\"article:publisher\" content=\"https:\/\/www.facebook.com\/rePeople.co\/\" \/>\n<meta property=\"article:published_time\" content=\"2026-04-23T17:17:13+00:00\" \/>\n<meta property=\"article:modified_time\" content=\"2026-04-27T08:05:00+00:00\" \/>\n<meta property=\"og:image\" content=\"https:\/\/www.repeople.co\/wp-content\/uploads\/2026\/04\/IMG_0893-1024x576.jpg\" \/>\n\t<meta property=\"og:image:width\" content=\"1024\" \/>\n\t<meta property=\"og:image:height\" content=\"576\" \/>\n\t<meta property=\"og:image:type\" content=\"image\/jpeg\" \/>\n<meta name=\"author\" content=\"Sa\u00fal Noda\" \/>\n<meta name=\"twitter:card\" content=\"summary_large_image\" \/>\n<meta name=\"twitter:creator\" content=\"@repeopleco\" \/>\n<meta name=\"twitter:site\" content=\"@repeopleco\" \/>\n<meta name=\"twitter:label1\" content=\"Escrito por\" \/>\n\t<meta name=\"twitter:data1\" content=\"Sa\u00fal Noda\" \/>\n\t<meta name=\"twitter:label2\" content=\"Tiempo de lectura\" \/>\n\t<meta name=\"twitter:data2\" content=\"5 minutos\" \/>\n<script type=\"application\/ld+json\" class=\"yoast-schema-graph\">{\"@context\":\"https:\/\/schema.org\",\"@graph\":[{\"@type\":\"Article\",\"@id\":\"https:\/\/www.repeople.co\/es\/blog\/rodaje-mi-zona-cristian-beteta-repeople-las-palmas\/#article\",\"isPartOf\":{\"@id\":\"https:\/\/www.repeople.co\/es\/blog\/rodaje-mi-zona-cristian-beteta-repeople-las-palmas\/\"},\"author\":{\"name\":\"Sa\u00fal Noda\",\"@id\":\"https:\/\/www.repeople.co\/es\/en\/#\/schema\/person\/bb7f682db5c82dd3154cf42d0b5d9454\"},\"headline\":\"Por qu\u00e9 el equipo de &#8216;Mi Zona&#8217; eligi\u00f3 repeople Coliving para rodar en Las Palmas\",\"datePublished\":\"2026-04-23T17:17:13+00:00\",\"dateModified\":\"2026-04-27T08:05:00+00:00\",\"mainEntityOfPage\":{\"@id\":\"https:\/\/www.repeople.co\/es\/blog\/rodaje-mi-zona-cristian-beteta-repeople-las-palmas\/\"},\"wordCount\":971,\"publisher\":{\"@id\":\"https:\/\/www.repeople.co\/es\/en\/#organization\"},\"image\":{\"@id\":\"https:\/\/www.repeople.co\/es\/blog\/rodaje-mi-zona-cristian-beteta-repeople-las-palmas\/#primaryimage\"},\"thumbnailUrl\":\"https:\/\/www.repeople.co\/wp-content\/uploads\/2026\/04\/IMG_0893-scaled.jpg\",\"keywords\":[\"Canary Islands\",\"coliving\",\"Gran Canaria\"],\"articleSection\":[\"Blog\"],\"inLanguage\":\"es\"},{\"@type\":\"WebPage\",\"@id\":\"https:\/\/www.repeople.co\/es\/blog\/rodaje-mi-zona-cristian-beteta-repeople-las-palmas\/\",\"url\":\"https:\/\/www.repeople.co\/es\/blog\/rodaje-mi-zona-cristian-beteta-repeople-las-palmas\/\",\"name\":\"Rodaje de Film en Gran Canaria: Mi Zona y repeople Coliving\",\"isPartOf\":{\"@id\":\"https:\/\/www.repeople.co\/es\/en\/#website\"},\"primaryImageOfPage\":{\"@id\":\"https:\/\/www.repeople.co\/es\/blog\/rodaje-mi-zona-cristian-beteta-repeople-las-palmas\/#primaryimage\"},\"image\":{\"@id\":\"https:\/\/www.repeople.co\/es\/blog\/rodaje-mi-zona-cristian-beteta-repeople-las-palmas\/#primaryimage\"},\"thumbnailUrl\":\"https:\/\/www.repeople.co\/wp-content\/uploads\/2026\/04\/IMG_0893-scaled.jpg\",\"datePublished\":\"2026-04-23T17:17:13+00:00\",\"dateModified\":\"2026-04-27T08:05:00+00:00\",\"description\":\"El equipo de Cristian Beteta eligi\u00f3 repeople coliving como base en Las Palmas. Descubre c\u00f3mo un coliving creativo apoya las producciones audiovisuales en Gran Canaria.\",\"breadcrumb\":{\"@id\":\"https:\/\/www.repeople.co\/es\/blog\/rodaje-mi-zona-cristian-beteta-repeople-las-palmas\/#breadcrumb\"},\"inLanguage\":\"es\",\"potentialAction\":[{\"@type\":\"ReadAction\",\"target\":[\"https:\/\/www.repeople.co\/es\/blog\/rodaje-mi-zona-cristian-beteta-repeople-las-palmas\/\"]}]},{\"@type\":\"ImageObject\",\"inLanguage\":\"es\",\"@id\":\"https:\/\/www.repeople.co\/es\/blog\/rodaje-mi-zona-cristian-beteta-repeople-las-palmas\/#primaryimage\",\"url\":\"https:\/\/www.repeople.co\/wp-content\/uploads\/2026\/04\/IMG_0893-scaled.jpg\",\"contentUrl\":\"https:\/\/www.repeople.co\/wp-content\/uploads\/2026\/04\/IMG_0893-scaled.jpg\",\"width\":2560,\"height\":1440,\"caption\":\"El equipo de producci\u00f3n de Mi Zona durante el rodaje en repeople, Las Palmas de Gran Canaria\"},{\"@type\":\"BreadcrumbList\",\"@id\":\"https:\/\/www.repeople.co\/es\/blog\/rodaje-mi-zona-cristian-beteta-repeople-las-palmas\/#breadcrumb\",\"itemListElement\":[{\"@type\":\"ListItem\",\"position\":1,\"name\":\"Portada\",\"item\":\"https:\/\/www.repeople.co\/es\/\"},{\"@type\":\"ListItem\",\"position\":2,\"name\":\"Por qu\u00e9 el equipo de &#8216;Mi Zona&#8217; eligi\u00f3 repeople Coliving para rodar en Las Palmas\"}]},{\"@type\":\"WebSite\",\"@id\":\"https:\/\/www.repeople.co\/es\/en\/#website\",\"url\":\"https:\/\/www.repeople.co\/es\/en\/\",\"name\":\"repeople\",\"description\":\"Dise\u00f1ando ecosistemas para teletrabajadores\",\"publisher\":{\"@id\":\"https:\/\/www.repeople.co\/es\/en\/#organization\"},\"alternateName\":\"repeople\",\"potentialAction\":[{\"@type\":\"SearchAction\",\"target\":{\"@type\":\"EntryPoint\",\"urlTemplate\":\"https:\/\/www.repeople.co\/es\/en\/?s={search_term_string}\"},\"query-input\":{\"@type\":\"PropertyValueSpecification\",\"valueRequired\":true,\"valueName\":\"search_term_string\"}}],\"inLanguage\":\"es\"},{\"@type\":\"Organization\",\"@id\":\"https:\/\/www.repeople.co\/es\/en\/#organization\",\"name\":\"repeople\",\"alternateName\":\"repeople\",\"url\":\"https:\/\/www.repeople.co\/es\/en\/\",\"logo\":{\"@type\":\"ImageObject\",\"inLanguage\":\"es\",\"@id\":\"https:\/\/www.repeople.co\/es\/en\/#\/schema\/logo\/image\/\",\"url\":\"https:\/\/www.repeople.co\/wp-content\/uploads\/2020\/08\/repeople-logo-2.png\",\"contentUrl\":\"https:\/\/www.repeople.co\/wp-content\/uploads\/2020\/08\/repeople-logo-2.png\",\"width\":762,\"height\":220,\"caption\":\"repeople\"},\"image\":{\"@id\":\"https:\/\/www.repeople.co\/es\/en\/#\/schema\/logo\/image\/\"},\"sameAs\":[\"https:\/\/www.facebook.com\/rePeople.co\/\",\"https:\/\/x.com\/repeopleco\",\"https:\/\/www.instagram.com\/repeopleco\/\",\"https:\/\/www.linkedin.com\/company\/repeopleco\"]},{\"@type\":\"Person\",\"@id\":\"https:\/\/www.repeople.co\/es\/en\/#\/schema\/person\/bb7f682db5c82dd3154cf42d0b5d9454\",\"name\":\"Sa\u00fal Noda\",\"image\":{\"@type\":\"ImageObject\",\"inLanguage\":\"es\",\"@id\":\"https:\/\/www.repeople.co\/es\/en\/#\/schema\/person\/image\/\",\"url\":\"https:\/\/secure.gravatar.com\/avatar\/f710a62278113e4f8435bf4f397ead4a?s=96&d=mm&r=g\",\"contentUrl\":\"https:\/\/secure.gravatar.com\/avatar\/f710a62278113e4f8435bf4f397ead4a?s=96&d=mm&r=g\",\"caption\":\"Sa\u00fal Noda\"},\"url\":\"https:\/\/www.repeople.co\/es\/author\/saulnoda\/\"}]}<\/script>\n<!-- \/ Yoast SEO plugin. -->","yoast_head_json":{"title":"Rodaje de Film en Gran Canaria: Mi Zona y repeople Coliving","description":"El equipo de Cristian Beteta eligi\u00f3 repeople coliving como base en Las Palmas. Descubre c\u00f3mo un coliving creativo apoya las producciones audiovisuales en Gran Canaria.","robots":{"index":"index","follow":"follow","max-snippet":"max-snippet:-1","max-image-preview":"max-image-preview:large","max-video-preview":"max-video-preview:-1"},"canonical":"https:\/\/www.repeople.co\/es\/blog\/rodaje-mi-zona-cristian-beteta-repeople-las-palmas\/","og_locale":"es_ES","og_type":"article","og_title":"Rodaje de Film en Gran Canaria: Mi Zona y repeople Coliving","og_description":"El equipo de Cristian Beteta eligi\u00f3 repeople coliving como base en Las Palmas. Descubre c\u00f3mo un coliving creativo apoya las producciones audiovisuales en Gran Canaria.","og_url":"https:\/\/www.repeople.co\/es\/blog\/rodaje-mi-zona-cristian-beteta-repeople-las-palmas\/","og_site_name":"repeople","article_publisher":"https:\/\/www.facebook.com\/rePeople.co\/","article_published_time":"2026-04-23T17:17:13+00:00","article_modified_time":"2026-04-27T08:05:00+00:00","og_image":[{"width":1024,"height":576,"url":"https:\/\/www.repeople.co\/wp-content\/uploads\/2026\/04\/IMG_0893-1024x576.jpg","type":"image\/jpeg"}],"author":"Sa\u00fal Noda","twitter_card":"summary_large_image","twitter_creator":"@repeopleco","twitter_site":"@repeopleco","twitter_misc":{"Escrito por":"Sa\u00fal Noda","Tiempo de lectura":"5 minutos"},"schema":{"@context":"https:\/\/schema.org","@graph":[{"@type":"Article","@id":"https:\/\/www.repeople.co\/es\/blog\/rodaje-mi-zona-cristian-beteta-repeople-las-palmas\/#article","isPartOf":{"@id":"https:\/\/www.repeople.co\/es\/blog\/rodaje-mi-zona-cristian-beteta-repeople-las-palmas\/"},"author":{"name":"Sa\u00fal Noda","@id":"https:\/\/www.repeople.co\/es\/en\/#\/schema\/person\/bb7f682db5c82dd3154cf42d0b5d9454"},"headline":"Por qu\u00e9 el equipo de &#8216;Mi Zona&#8217; eligi\u00f3 repeople Coliving para rodar en Las Palmas","datePublished":"2026-04-23T17:17:13+00:00","dateModified":"2026-04-27T08:05:00+00:00","mainEntityOfPage":{"@id":"https:\/\/www.repeople.co\/es\/blog\/rodaje-mi-zona-cristian-beteta-repeople-las-palmas\/"},"wordCount":971,"publisher":{"@id":"https:\/\/www.repeople.co\/es\/en\/#organization"},"image":{"@id":"https:\/\/www.repeople.co\/es\/blog\/rodaje-mi-zona-cristian-beteta-repeople-las-palmas\/#primaryimage"},"thumbnailUrl":"https:\/\/www.repeople.co\/wp-content\/uploads\/2026\/04\/IMG_0893-scaled.jpg","keywords":["Canary Islands","coliving","Gran Canaria"],"articleSection":["Blog"],"inLanguage":"es"},{"@type":"WebPage","@id":"https:\/\/www.repeople.co\/es\/blog\/rodaje-mi-zona-cristian-beteta-repeople-las-palmas\/","url":"https:\/\/www.repeople.co\/es\/blog\/rodaje-mi-zona-cristian-beteta-repeople-las-palmas\/","name":"Rodaje de Film en Gran Canaria: Mi Zona y repeople Coliving","isPartOf":{"@id":"https:\/\/www.repeople.co\/es\/en\/#website"},"primaryImageOfPage":{"@id":"https:\/\/www.repeople.co\/es\/blog\/rodaje-mi-zona-cristian-beteta-repeople-las-palmas\/#primaryimage"},"image":{"@id":"https:\/\/www.repeople.co\/es\/blog\/rodaje-mi-zona-cristian-beteta-repeople-las-palmas\/#primaryimage"},"thumbnailUrl":"https:\/\/www.repeople.co\/wp-content\/uploads\/2026\/04\/IMG_0893-scaled.jpg","datePublished":"2026-04-23T17:17:13+00:00","dateModified":"2026-04-27T08:05:00+00:00","description":"El equipo de Cristian Beteta eligi\u00f3 repeople coliving como base en Las Palmas. Descubre c\u00f3mo un coliving creativo apoya las producciones audiovisuales en Gran Canaria.","breadcrumb":{"@id":"https:\/\/www.repeople.co\/es\/blog\/rodaje-mi-zona-cristian-beteta-repeople-las-palmas\/#breadcrumb"},"inLanguage":"es","potentialAction":[{"@type":"ReadAction","target":["https:\/\/www.repeople.co\/es\/blog\/rodaje-mi-zona-cristian-beteta-repeople-las-palmas\/"]}]},{"@type":"ImageObject","inLanguage":"es","@id":"https:\/\/www.repeople.co\/es\/blog\/rodaje-mi-zona-cristian-beteta-repeople-las-palmas\/#primaryimage","url":"https:\/\/www.repeople.co\/wp-content\/uploads\/2026\/04\/IMG_0893-scaled.jpg","contentUrl":"https:\/\/www.repeople.co\/wp-content\/uploads\/2026\/04\/IMG_0893-scaled.jpg","width":2560,"height":1440,"caption":"El equipo de producci\u00f3n de Mi Zona durante el rodaje en repeople, Las Palmas de Gran Canaria"},{"@type":"BreadcrumbList","@id":"https:\/\/www.repeople.co\/es\/blog\/rodaje-mi-zona-cristian-beteta-repeople-las-palmas\/#breadcrumb","itemListElement":[{"@type":"ListItem","position":1,"name":"Portada","item":"https:\/\/www.repeople.co\/es\/"},{"@type":"ListItem","position":2,"name":"Por qu\u00e9 el equipo de &#8216;Mi Zona&#8217; eligi\u00f3 repeople Coliving para rodar en Las Palmas"}]},{"@type":"WebSite","@id":"https:\/\/www.repeople.co\/es\/en\/#website","url":"https:\/\/www.repeople.co\/es\/en\/","name":"repeople","description":"Dise\u00f1ando ecosistemas para teletrabajadores","publisher":{"@id":"https:\/\/www.repeople.co\/es\/en\/#organization"},"alternateName":"repeople","potentialAction":[{"@type":"SearchAction","target":{"@type":"EntryPoint","urlTemplate":"https:\/\/www.repeople.co\/es\/en\/?s={search_term_string}"},"query-input":{"@type":"PropertyValueSpecification","valueRequired":true,"valueName":"search_term_string"}}],"inLanguage":"es"},{"@type":"Organization","@id":"https:\/\/www.repeople.co\/es\/en\/#organization","name":"repeople","alternateName":"repeople","url":"https:\/\/www.repeople.co\/es\/en\/","logo":{"@type":"ImageObject","inLanguage":"es","@id":"https:\/\/www.repeople.co\/es\/en\/#\/schema\/logo\/image\/","url":"https:\/\/www.repeople.co\/wp-content\/uploads\/2020\/08\/repeople-logo-2.png","contentUrl":"https:\/\/www.repeople.co\/wp-content\/uploads\/2020\/08\/repeople-logo-2.png","width":762,"height":220,"caption":"repeople"},"image":{"@id":"https:\/\/www.repeople.co\/es\/en\/#\/schema\/logo\/image\/"},"sameAs":["https:\/\/www.facebook.com\/rePeople.co\/","https:\/\/x.com\/repeopleco","https:\/\/www.instagram.com\/repeopleco\/","https:\/\/www.linkedin.com\/company\/repeopleco"]},{"@type":"Person","@id":"https:\/\/www.repeople.co\/es\/en\/#\/schema\/person\/bb7f682db5c82dd3154cf42d0b5d9454","name":"Sa\u00fal Noda","image":{"@type":"ImageObject","inLanguage":"es","@id":"https:\/\/www.repeople.co\/es\/en\/#\/schema\/person\/image\/","url":"https:\/\/secure.gravatar.com\/avatar\/f710a62278113e4f8435bf4f397ead4a?s=96&d=mm&r=g","contentUrl":"https:\/\/secure.gravatar.com\/avatar\/f710a62278113e4f8435bf4f397ead4a?s=96&d=mm&r=g","caption":"Sa\u00fal Noda"},"url":"https:\/\/www.repeople.co\/es\/author\/saulnoda\/"}]}},"_links":{"self":[{"href":"https:\/\/www.repeople.co\/es\/wp-json\/wp\/v2\/posts\/21857","targetHints":{"allow":["GET"]}}],"collection":[{"href":"https:\/\/www.repeople.co\/es\/wp-json\/wp\/v2\/posts"}],"about":[{"href":"https:\/\/www.repeople.co\/es\/wp-json\/wp\/v2\/types\/post"}],"author":[{"embeddable":true,"href":"https:\/\/www.repeople.co\/es\/wp-json\/wp\/v2\/users\/37"}],"replies":[{"embeddable":true,"href":"https:\/\/www.repeople.co\/es\/wp-json\/wp\/v2\/comments?post=21857"}],"version-history":[{"count":10,"href":"https:\/\/www.repeople.co\/es\/wp-json\/wp\/v2\/posts\/21857\/revisions"}],"predecessor-version":[{"id":22003,"href":"https:\/\/www.repeople.co\/es\/wp-json\/wp\/v2\/posts\/21857\/revisions\/22003"}],"wp:featuredmedia":[{"embeddable":true,"href":"https:\/\/www.repeople.co\/es\/wp-json\/wp\/v2\/media\/21848"}],"wp:attachment":[{"href":"https:\/\/www.repeople.co\/es\/wp-json\/wp\/v2\/media?parent=21857"}],"wp:term":[{"taxonomy":"category","embeddable":true,"href":"https:\/\/www.repeople.co\/es\/wp-json\/wp\/v2\/categories?post=21857"},{"taxonomy":"post_tag","embeddable":true,"href":"https:\/\/www.repeople.co\/es\/wp-json\/wp\/v2\/tags?post=21857"}],"curies":[{"name":"wp","href":"https:\/\/api.w.org\/{rel}","templated":true}]}}